[{"@context":"https:\/\/schema.org\/","@type":"Blog","@id":"https:\/\/www.saldera.cz#Blog","headline":"Saldera pro","description":"","url":"https:\/\/www.saldera.cz","hasPart":[{"@type":"Article","@id":"https:\/\/www.saldera.cz\/vase-kuchynske-linky-s-nasimi-novymi-dvirky-obzivnou\/","headline":"Va\u0161e kuchy\u0148sk\u00e9 linky s na\u0161imi nov\u00fdmi dv\u00ed\u0159ky ob\u017eivnou","url":"https:\/\/www.saldera.cz\/vase-kuchynske-linky-s-nasimi-novymi-dvirky-obzivnou\/","datePublished":"2025-03-22","dateModified":"2025-03-22","mainEntityOfPage":"https:\/\/www.saldera.cz\/vase-kuchynske-linky-s-nasimi-novymi-dvirky-obzivnou\/","author":{"@type":"Person","@id":"https:\/\/www.saldera.cz\/author\/#Person","name":"","url":"https:\/\/www.saldera.cz\/author\/","identifier":1,"image":{"@type":"ImageObject","@id":"https:\/\/secure.gravatar.com\/avatar\/9d25b0af9840660883a67790aa4f595ddc226aa4680c4cf7bc03a25c14fcef85?s=96&d=mm&r=g","url":"https:\/\/secure.gravatar.com\/avatar\/9d25b0af9840660883a67790aa4f595ddc226aa4680c4cf7bc03a25c14fcef85?s=96&d=mm&r=g","height":96,"width":96}},"publisher":{"@type":"Organization","name":"saldera.cz","logo":{"@type":"ImageObject","@id":"\/logo.png","url":"\/logo.png","width":600,"height":60}},"image":null,"wordCount":213,"keywords":null},{"@type":"Article","@id":"https:\/\/www.saldera.cz\/jiz-vas-nebavi-rychly-styl-zivota\/","headline":"Ji\u017e v\u00e1s nebav\u00ed rychl\u00fd styl \u017eivota?","url":"https:\/\/www.saldera.cz\/jiz-vas-nebavi-rychly-styl-zivota\/","datePublished":"2025-03-21","dateModified":"2025-03-21","mainEntityOfPage":"https:\/\/www.saldera.cz\/jiz-vas-nebavi-rychly-styl-zivota\/","author":{"@type":"Person","@id":"https:\/\/www.saldera.cz\/author\/#Person","name":"","url":"https:\/\/www.saldera.cz\/author\/","identifier":1,"image":{"@type":"ImageObject","@id":"https:\/\/secure.gravatar.com\/avatar\/9d25b0af9840660883a67790aa4f595ddc226aa4680c4cf7bc03a25c14fcef85?s=96&d=mm&r=g","url":"https:\/\/secure.gravatar.com\/avatar\/9d25b0af9840660883a67790aa4f595ddc226aa4680c4cf7bc03a25c14fcef85?s=96&d=mm&r=g","height":96,"width":96}},"publisher":{"@type":"Organization","name":"saldera.cz","logo":{"@type":"ImageObject","@id":"\/logo.png","url":"\/logo.png","width":600,"height":60}},"image":null,"wordCount":235,"keywords":null},{"@type":"Article","@id":"https:\/\/www.saldera.cz\/hledate-neco-pro-sebe\/","headline":"Hled\u00e1te n\u011bco pro sebe?","url":"https:\/\/www.saldera.cz\/hledate-neco-pro-sebe\/","datePublished":"2025-03-20","dateModified":"2025-03-20","mainEntityOfPage":"https:\/\/www.saldera.cz\/hledate-neco-pro-sebe\/","author":{"@type":"Person","@id":"https:\/\/www.saldera.cz\/author\/#Person","name":"","url":"https:\/\/www.saldera.cz\/author\/","identifier":1,"image":{"@type":"ImageObject","@id":"https:\/\/secure.gravatar.com\/avatar\/9d25b0af9840660883a67790aa4f595ddc226aa4680c4cf7bc03a25c14fcef85?s=96&d=mm&r=g","url":"https:\/\/secure.gravatar.com\/avatar\/9d25b0af9840660883a67790aa4f595ddc226aa4680c4cf7bc03a25c14fcef85?s=96&d=mm&r=g","height":96,"width":96}},"publisher":{"@type":"Organization","name":"saldera.cz","logo":{"@type":"ImageObject","@id":"\/logo.png","url":"\/logo.png","width":600,"height":60}},"image":null,"wordCount":234,"keywords":null},{"@type":"Article","@id":"https:\/\/www.saldera.cz\/vejire\/","headline":"V\u011bj\u00ed\u0159e","url":"https:\/\/www.saldera.cz\/vejire\/","datePublished":"2025-03-20","dateModified":"2025-03-20","mainEntityOfPage":"https:\/\/www.saldera.cz\/vejire\/","author":{"@type":"Person","@id":"https:\/\/www.saldera.cz\/author\/#Person","name":"","url":"https:\/\/www.saldera.cz\/author\/","identifier":1,"image":{"@type":"ImageObject","@id":"https:\/\/secure.gravatar.com\/avatar\/9d25b0af9840660883a67790aa4f595ddc226aa4680c4cf7bc03a25c14fcef85?s=96&d=mm&r=g","url":"https:\/\/secure.gravatar.com\/avatar\/9d25b0af9840660883a67790aa4f595ddc226aa4680c4cf7bc03a25c14fcef85?s=96&d=mm&r=g","height":96,"width":96}},"publisher":{"@type":"Organization","name":"saldera.cz","logo":{"@type":"ImageObject","@id":"\/logo.png","url":"\/logo.png","width":600,"height":60}},"image":null,"wordCount":272,"keywords":null},{"@type":"Article","@id":"https:\/\/www.saldera.cz\/plosiny\/","headline":"Plo\u0161iny","url":"https:\/\/www.saldera.cz\/plosiny\/","datePublished":"2025-03-19","dateModified":"2025-03-19","mainEntityOfPage":"https:\/\/www.saldera.cz\/plosiny\/","author":{"@type":"Person","@id":"https:\/\/www.saldera.cz\/author\/#Person","name":"","url":"https:\/\/www.saldera.cz\/author\/","identifier":1,"image":{"@type":"ImageObject","@id":"https:\/\/secure.gravatar.com\/avatar\/9d25b0af9840660883a67790aa4f595ddc226aa4680c4cf7bc03a25c14fcef85?s=96&d=mm&r=g","url":"https:\/\/secure.gravatar.com\/avatar\/9d25b0af9840660883a67790aa4f595ddc226aa4680c4cf7bc03a25c14fcef85?s=96&d=mm&r=g","height":96,"width":96}},"publisher":{"@type":"Organization","name":"saldera.cz","logo":{"@type":"ImageObject","@id":"\/logo.png","url":"\/logo.png","width":600,"height":60}},"image":null,"wordCount":217,"keywords":null},{"@type":"Article","@id":"https:\/\/www.saldera.cz\/lettershop\/","headline":"Lettershop","url":"https:\/\/www.saldera.cz\/lettershop\/","datePublished":"2025-03-19","dateModified":"2025-03-19","mainEntityOfPage":"https:\/\/www.saldera.cz\/lettershop\/","author":{"@type":"Person","@id":"https:\/\/www.saldera.cz\/author\/#Person","name":"","url":"https:\/\/www.saldera.cz\/author\/","identifier":1,"image":{"@type":"ImageObject","@id":"https:\/\/secure.gravatar.com\/avatar\/9d25b0af9840660883a67790aa4f595ddc226aa4680c4cf7bc03a25c14fcef85?s=96&d=mm&r=g","url":"https:\/\/secure.gravatar.com\/avatar\/9d25b0af9840660883a67790aa4f595ddc226aa4680c4cf7bc03a25c14fcef85?s=96&d=mm&r=g","height":96,"width":96}},"publisher":{"@type":"Organization","name":"saldera.cz","logo":{"@type":"ImageObject","@id":"\/logo.png","url":"\/logo.png","width":600,"height":60}},"image":null,"wordCount":205,"keywords":null},{"@type":"Article","@id":"https:\/\/www.saldera.cz\/oblast-pro-wellness-je-prave-sumava\/","headline":"Oblast pro wellness je pr\u00e1v\u011b \u0160umava","url":"https:\/\/www.saldera.cz\/oblast-pro-wellness-je-prave-sumava\/","datePublished":"2025-03-17","dateModified":"2025-03-17","mainEntityOfPage":"https:\/\/www.saldera.cz\/oblast-pro-wellness-je-prave-sumava\/","author":{"@type":"Person","@id":"https:\/\/www.saldera.cz\/author\/#Person","name":"","url":"https:\/\/www.saldera.cz\/author\/","identifier":1,"image":{"@type":"ImageObject","@id":"https:\/\/secure.gravatar.com\/avatar\/9d25b0af9840660883a67790aa4f595ddc226aa4680c4cf7bc03a25c14fcef85?s=96&d=mm&r=g","url":"https:\/\/secure.gravatar.com\/avatar\/9d25b0af9840660883a67790aa4f595ddc226aa4680c4cf7bc03a25c14fcef85?s=96&d=mm&r=g","height":96,"width":96}},"publisher":{"@type":"Organization","name":"saldera.cz","logo":{"@type":"ImageObject","@id":"\/logo.png","url":"\/logo.png","width":600,"height":60}},"image":null,"wordCount":239,"keywords":null},{"@type":"Article","@id":"https:\/\/www.saldera.cz\/zkuste-nase-vynikajici-wellness-masaze\/","headline":"Zkuste na\u0161e vynikaj\u00edc\u00ed wellness mas\u00e1\u017ee","url":"https:\/\/www.saldera.cz\/zkuste-nase-vynikajici-wellness-masaze\/","datePublished":"2025-03-17","dateModified":"2025-03-17","mainEntityOfPage":"https:\/\/www.saldera.cz\/zkuste-nase-vynikajici-wellness-masaze\/","author":{"@type":"Person","@id":"https:\/\/www.saldera.cz\/author\/#Person","name":"","url":"https:\/\/www.saldera.cz\/author\/","identifier":1,"image":{"@type":"ImageObject","@id":"https:\/\/secure.gravatar.com\/avatar\/9d25b0af9840660883a67790aa4f595ddc226aa4680c4cf7bc03a25c14fcef85?s=96&d=mm&r=g","url":"https:\/\/secure.gravatar.com\/avatar\/9d25b0af9840660883a67790aa4f595ddc226aa4680c4cf7bc03a25c14fcef85?s=96&d=mm&r=g","height":96,"width":96}},"publisher":{"@type":"Organization","name":"saldera.cz","logo":{"@type":"ImageObject","@id":"\/logo.png","url":"\/logo.png","width":600,"height":60}},"image":null,"wordCount":766,"keywords":null},{"@type":"Article","@id":"https:\/\/www.saldera.cz\/nejkvalitnejsi-vzdelavaci-kurzy-nabizi-jen-jazykova-skola-brno\/","headline":"Nejkvalitn\u011bj\u0161\u00ed vzd\u011bl\u00e1vac\u00ed kurzy nab\u00edz\u00ed jen jazykov\u00e1 \u0161kola brno","url":"https:\/\/www.saldera.cz\/nejkvalitnejsi-vzdelavaci-kurzy-nabizi-jen-jazykova-skola-brno\/","datePublished":"2025-03-15","dateModified":"2025-03-15","mainEntityOfPage":"https:\/\/www.saldera.cz\/nejkvalitnejsi-vzdelavaci-kurzy-nabizi-jen-jazykova-skola-brno\/","author":{"@type":"Person","@id":"https:\/\/www.saldera.cz\/author\/#Person","name":"","url":"https:\/\/www.saldera.cz\/author\/","identifier":1,"image":{"@type":"ImageObject","@id":"https:\/\/secure.gravatar.com\/avatar\/9d25b0af9840660883a67790aa4f595ddc226aa4680c4cf7bc03a25c14fcef85?s=96&d=mm&r=g","url":"https:\/\/secure.gravatar.com\/avatar\/9d25b0af9840660883a67790aa4f595ddc226aa4680c4cf7bc03a25c14fcef85?s=96&d=mm&r=g","height":96,"width":96}},"publisher":{"@type":"Organization","name":"saldera.cz","logo":{"@type":"ImageObject","@id":"\/logo.png","url":"\/logo.png","width":600,"height":60}},"image":null,"wordCount":431,"keywords":null},{"@type":"Article","@id":"https:\/\/www.saldera.cz\/povleceni-na-postele\/","headline":"Povle\u010den\u00ed na postele","url":"https:\/\/www.saldera.cz\/povleceni-na-postele\/","datePublished":"2025-03-14","dateModified":"2025-03-14","mainEntityOfPage":"https:\/\/www.saldera.cz\/povleceni-na-postele\/","author":{"@type":"Person","@id":"https:\/\/www.saldera.cz\/author\/#Person","name":"","url":"https:\/\/www.saldera.cz\/author\/","identifier":1,"image":{"@type":"ImageObject","@id":"https:\/\/secure.gravatar.com\/avatar\/9d25b0af9840660883a67790aa4f595ddc226aa4680c4cf7bc03a25c14fcef85?s=96&d=mm&r=g","url":"https:\/\/secure.gravatar.com\/avatar\/9d25b0af9840660883a67790aa4f595ddc226aa4680c4cf7bc03a25c14fcef85?s=96&d=mm&r=g","height":96,"width":96}},"publisher":{"@type":"Organization","name":"saldera.cz","logo":{"@type":"ImageObject","@id":"\/logo.png","url":"\/logo.png","width":600,"height":60}},"image":null,"wordCount":234,"keywords":null}]},{"@context":"https:\/\/schema.org","@type":"WebSite","@id":"https:\/\/www.saldera.cz\/#website","name":"Saldera pro","url":"https:\/\/www.saldera.cz","potentialAction":{"@type":"SearchAction","target":"https:\/\/www.saldera.cz\/?s={search_term_string}","query-input":"required name=search_term_string"}}]