[{"@context":"https:\/\/schema.org\/","@type":"Blog","@id":"https:\/\/www.saldera.cz#Blog","headline":"Saldera pro","description":"","url":"https:\/\/www.saldera.cz","hasPart":[{"@type":"Article","@id":"https:\/\/www.saldera.cz\/co-se-mi-libi-na-plastovych-oknech\/","headline":"Co se mi l\u00edb\u00ed na plastov\u00fdch oknech","url":"https:\/\/www.saldera.cz\/co-se-mi-libi-na-plastovych-oknech\/","datePublished":"2026-02-03","dateModified":"2026-02-03","mainEntityOfPage":"https:\/\/www.saldera.cz\/co-se-mi-libi-na-plastovych-oknech\/","author":{"@type":"Person","@id":"https:\/\/www.saldera.cz\/author\/#Person","name":"","url":"https:\/\/www.saldera.cz\/author\/","identifier":1,"image":{"@type":"ImageObject","@id":"https:\/\/secure.gravatar.com\/avatar\/9d25b0af9840660883a67790aa4f595ddc226aa4680c4cf7bc03a25c14fcef85?s=96&d=mm&r=g","url":"https:\/\/secure.gravatar.com\/avatar\/9d25b0af9840660883a67790aa4f595ddc226aa4680c4cf7bc03a25c14fcef85?s=96&d=mm&r=g","height":96,"width":96}},"publisher":{"@type":"Organization","name":"saldera.cz","logo":{"@type":"ImageObject","@id":"\/logo.png","url":"\/logo.png","width":600,"height":60}},"image":{"@type":"ImageObject","@id":"https:\/\/www.saldera.cz\/wp-content\/uploads\/living-room-8261882_640_3.jpg","url":"https:\/\/www.saldera.cz\/wp-content\/uploads\/living-room-8261882_640_3.jpg","height":0,"width":0},"wordCount":609,"keywords":null},{"@type":"Article","@id":"https:\/\/www.saldera.cz\/vestavena-skrin-se-hodi-i-do-detskeho-pokoje\/","headline":"Vestav\u011bn\u00e1 sk\u0159\u00ed\u0148 se hod\u00ed i do d\u011btsk\u00e9ho pokoje","url":"https:\/\/www.saldera.cz\/vestavena-skrin-se-hodi-i-do-detskeho-pokoje\/","datePublished":"2026-02-03","dateModified":"2026-02-03","mainEntityOfPage":"https:\/\/www.saldera.cz\/vestavena-skrin-se-hodi-i-do-detskeho-pokoje\/","author":{"@type":"Person","@id":"https:\/\/www.saldera.cz\/author\/#Person","name":"","url":"https:\/\/www.saldera.cz\/author\/","identifier":1,"image":{"@type":"ImageObject","@id":"https:\/\/secure.gravatar.com\/avatar\/9d25b0af9840660883a67790aa4f595ddc226aa4680c4cf7bc03a25c14fcef85?s=96&d=mm&r=g","url":"https:\/\/secure.gravatar.com\/avatar\/9d25b0af9840660883a67790aa4f595ddc226aa4680c4cf7bc03a25c14fcef85?s=96&d=mm&r=g","height":96,"width":96}},"publisher":{"@type":"Organization","name":"saldera.cz","logo":{"@type":"ImageObject","@id":"\/logo.png","url":"\/logo.png","width":600,"height":60}},"image":{"@type":"ImageObject","@id":"https:\/\/www.saldera.cz\/wp-content\/uploads\/children-4508017_640_10_10_4.jpg","url":"https:\/\/www.saldera.cz\/wp-content\/uploads\/children-4508017_640_10_10_4.jpg","height":0,"width":0},"wordCount":649,"keywords":null},{"@type":"Article","@id":"https:\/\/www.saldera.cz\/chcete-nove-auto\/","headline":"Chcete nov\u00e9 auto?","url":"https:\/\/www.saldera.cz\/chcete-nove-auto\/","datePublished":"2026-02-02","dateModified":"2026-02-02","mainEntityOfPage":"https:\/\/www.saldera.cz\/chcete-nove-auto\/","author":{"@type":"Person","@id":"https:\/\/www.saldera.cz\/author\/#Person","name":"","url":"https:\/\/www.saldera.cz\/author\/","identifier":1,"image":{"@type":"ImageObject","@id":"https:\/\/secure.gravatar.com\/avatar\/9d25b0af9840660883a67790aa4f595ddc226aa4680c4cf7bc03a25c14fcef85?s=96&d=mm&r=g","url":"https:\/\/secure.gravatar.com\/avatar\/9d25b0af9840660883a67790aa4f595ddc226aa4680c4cf7bc03a25c14fcef85?s=96&d=mm&r=g","height":96,"width":96}},"publisher":{"@type":"Organization","name":"saldera.cz","logo":{"@type":"ImageObject","@id":"\/logo.png","url":"\/logo.png","width":600,"height":60}},"image":{"@type":"ImageObject","@id":"https:\/\/www.saldera.cz\/wp-content\/uploads\/pexels-automotive-1838744_640_2.jpg","url":"https:\/\/www.saldera.cz\/wp-content\/uploads\/pexels-automotive-1838744_640_2.jpg","height":0,"width":0},"wordCount":601,"keywords":null},{"@type":"Article","@id":"https:\/\/www.saldera.cz\/nekdy-to-zachrani-jen-pujcka\/","headline":"N\u011bkdy to zachr\u00e1n\u00ed jen p\u016fj\u010dka","url":"https:\/\/www.saldera.cz\/nekdy-to-zachrani-jen-pujcka\/","datePublished":"2026-02-02","dateModified":"2026-02-02","mainEntityOfPage":"https:\/\/www.saldera.cz\/nekdy-to-zachrani-jen-pujcka\/","author":{"@type":"Person","@id":"https:\/\/www.saldera.cz\/author\/#Person","name":"","url":"https:\/\/www.saldera.cz\/author\/","identifier":1,"image":{"@type":"ImageObject","@id":"https:\/\/secure.gravatar.com\/avatar\/9d25b0af9840660883a67790aa4f595ddc226aa4680c4cf7bc03a25c14fcef85?s=96&d=mm&r=g","url":"https:\/\/secure.gravatar.com\/avatar\/9d25b0af9840660883a67790aa4f595ddc226aa4680c4cf7bc03a25c14fcef85?s=96&d=mm&r=g","height":96,"width":96}},"publisher":{"@type":"Organization","name":"saldera.cz","logo":{"@type":"ImageObject","@id":"\/logo.png","url":"\/logo.png","width":600,"height":60}},"image":{"@type":"ImageObject","@id":"https:\/\/www.saldera.cz\/wp-content\/uploads\/pppppppppppppppppppppppppppppppppppppppppppppppp_10_10_2.jpg","url":"https:\/\/www.saldera.cz\/wp-content\/uploads\/pppppppppppppppppppppppppppppppppppppppppppppppp_10_10_2.jpg","height":0,"width":0},"wordCount":636,"keywords":null},{"@type":"Article","@id":"https:\/\/www.saldera.cz\/co-delat-kdyz-neodteka-toaleta\/","headline":"Co d\u011blat, kdy\u017e neodt\u00e9k\u00e1 toaleta","url":"https:\/\/www.saldera.cz\/co-delat-kdyz-neodteka-toaleta\/","datePublished":"2026-02-01","dateModified":"2026-02-01","mainEntityOfPage":"https:\/\/www.saldera.cz\/co-delat-kdyz-neodteka-toaleta\/","author":{"@type":"Person","@id":"https:\/\/www.saldera.cz\/author\/#Person","name":"","url":"https:\/\/www.saldera.cz\/author\/","identifier":1,"image":{"@type":"ImageObject","@id":"https:\/\/secure.gravatar.com\/avatar\/9d25b0af9840660883a67790aa4f595ddc226aa4680c4cf7bc03a25c14fcef85?s=96&d=mm&r=g","url":"https:\/\/secure.gravatar.com\/avatar\/9d25b0af9840660883a67790aa4f595ddc226aa4680c4cf7bc03a25c14fcef85?s=96&d=mm&r=g","height":96,"width":96}},"publisher":{"@type":"Organization","name":"saldera.cz","logo":{"@type":"ImageObject","@id":"\/logo.png","url":"\/logo.png","width":600,"height":60}},"image":{"@type":"ImageObject","@id":"https:\/\/www.saldera.cz\/wp-content\/uploads\/zachod1.png","url":"https:\/\/www.saldera.cz\/wp-content\/uploads\/zachod1.png","height":0,"width":0},"wordCount":614,"keywords":null},{"@type":"Article","@id":"https:\/\/www.saldera.cz\/proc-maji-vchodove-dvere-otevirani-ven\/","headline":"Pro\u010d maj\u00ed vchodov\u00e9 dve\u0159e otev\u00edr\u00e1n\u00ed ven","url":"https:\/\/www.saldera.cz\/proc-maji-vchodove-dvere-otevirani-ven\/","datePublished":"2026-02-01","dateModified":"2026-02-01","mainEntityOfPage":"https:\/\/www.saldera.cz\/proc-maji-vchodove-dvere-otevirani-ven\/","author":{"@type":"Person","@id":"https:\/\/www.saldera.cz\/author\/#Person","name":"","url":"https:\/\/www.saldera.cz\/author\/","identifier":1,"image":{"@type":"ImageObject","@id":"https:\/\/secure.gravatar.com\/avatar\/9d25b0af9840660883a67790aa4f595ddc226aa4680c4cf7bc03a25c14fcef85?s=96&d=mm&r=g","url":"https:\/\/secure.gravatar.com\/avatar\/9d25b0af9840660883a67790aa4f595ddc226aa4680c4cf7bc03a25c14fcef85?s=96&d=mm&r=g","height":96,"width":96}},"publisher":{"@type":"Organization","name":"saldera.cz","logo":{"@type":"ImageObject","@id":"\/logo.png","url":"\/logo.png","width":600,"height":60}},"image":{"@type":"ImageObject","@id":"https:\/\/www.saldera.cz\/wp-content\/uploads\/dvere4_2.jpg","url":"https:\/\/www.saldera.cz\/wp-content\/uploads\/dvere4_2.jpg","height":0,"width":0},"wordCount":641,"keywords":null},{"@type":"Article","@id":"https:\/\/www.saldera.cz\/chytre-reseni-pro-kazdeho\/","headline":"Chytr\u00e9 \u0159e\u0161en\u00ed pro ka\u017ed\u00e9ho","url":"https:\/\/www.saldera.cz\/chytre-reseni-pro-kazdeho\/","datePublished":"2026-02-01","dateModified":"2026-02-01","mainEntityOfPage":"https:\/\/www.saldera.cz\/chytre-reseni-pro-kazdeho\/","author":{"@type":"Person","@id":"https:\/\/www.saldera.cz\/author\/#Person","name":"","url":"https:\/\/www.saldera.cz\/author\/","identifier":1,"image":{"@type":"ImageObject","@id":"https:\/\/secure.gravatar.com\/avatar\/9d25b0af9840660883a67790aa4f595ddc226aa4680c4cf7bc03a25c14fcef85?s=96&d=mm&r=g","url":"https:\/\/secure.gravatar.com\/avatar\/9d25b0af9840660883a67790aa4f595ddc226aa4680c4cf7bc03a25c14fcef85?s=96&d=mm&r=g","height":96,"width":96}},"publisher":{"@type":"Organization","name":"saldera.cz","logo":{"@type":"ImageObject","@id":"\/logo.png","url":"\/logo.png","width":600,"height":60}},"image":{"@type":"ImageObject","@id":"https:\/\/www.saldera.cz\/wp-content\/uploads\/gabriellepapalia-people-8149872_1920%20(1).jpg","url":"https:\/\/www.saldera.cz\/wp-content\/uploads\/gabriellepapalia-people-8149872_1920%20(1).jpg","height":0,"width":0},"wordCount":637,"keywords":null},{"@type":"Article","@id":"https:\/\/www.saldera.cz\/stylove-schodiste\/","headline":"Stylov\u00e9 schodi\u0161t\u011b","url":"https:\/\/www.saldera.cz\/stylove-schodiste\/","datePublished":"2026-01-18","dateModified":"2026-01-18","mainEntityOfPage":"https:\/\/www.saldera.cz\/stylove-schodiste\/","author":{"@type":"Person","@id":"https:\/\/www.saldera.cz\/author\/#Person","name":"","url":"https:\/\/www.saldera.cz\/author\/","identifier":1,"image":{"@type":"ImageObject","@id":"https:\/\/secure.gravatar.com\/avatar\/9d25b0af9840660883a67790aa4f595ddc226aa4680c4cf7bc03a25c14fcef85?s=96&d=mm&r=g","url":"https:\/\/secure.gravatar.com\/avatar\/9d25b0af9840660883a67790aa4f595ddc226aa4680c4cf7bc03a25c14fcef85?s=96&d=mm&r=g","height":96,"width":96}},"publisher":{"@type":"Organization","name":"saldera.cz","logo":{"@type":"ImageObject","@id":"\/logo.png","url":"\/logo.png","width":600,"height":60}},"image":{"@type":"ImageObject","@id":"https:\/\/www.saldera.cz\/wp-content\/uploads\/z%C3%A1bradl%C3%AD_10_10_10_5.jpg","url":"https:\/\/www.saldera.cz\/wp-content\/uploads\/z%C3%A1bradl%C3%AD_10_10_10_5.jpg","height":0,"width":0},"wordCount":534,"keywords":null},{"@type":"Article","@id":"https:\/\/www.saldera.cz\/stehovani-v-praze\/","headline":"St\u011bhov\u00e1n\u00ed v Praze","url":"https:\/\/www.saldera.cz\/stehovani-v-praze\/","datePublished":"2026-01-04","dateModified":"2026-01-04","mainEntityOfPage":"https:\/\/www.saldera.cz\/stehovani-v-praze\/","author":{"@type":"Person","@id":"https:\/\/www.saldera.cz\/author\/#Person","name":"","url":"https:\/\/www.saldera.cz\/author\/","identifier":1,"image":{"@type":"ImageObject","@id":"https:\/\/secure.gravatar.com\/avatar\/9d25b0af9840660883a67790aa4f595ddc226aa4680c4cf7bc03a25c14fcef85?s=96&d=mm&r=g","url":"https:\/\/secure.gravatar.com\/avatar\/9d25b0af9840660883a67790aa4f595ddc226aa4680c4cf7bc03a25c14fcef85?s=96&d=mm&r=g","height":96,"width":96}},"publisher":{"@type":"Organization","name":"saldera.cz","logo":{"@type":"ImageObject","@id":"\/logo.png","url":"\/logo.png","width":600,"height":60}},"image":{"@type":"ImageObject","@id":"https:\/\/www.saldera.cz\/wp-content\/uploads\/krabice_10_7.png","url":"https:\/\/www.saldera.cz\/wp-content\/uploads\/krabice_10_7.png","height":0,"width":0},"wordCount":556,"keywords":null},{"@type":"Article","@id":"https:\/\/www.saldera.cz\/moderni-domovy-a-skrine\/","headline":"Modern\u00ed domovy a sk\u0159\u00edn\u011b","url":"https:\/\/www.saldera.cz\/moderni-domovy-a-skrine\/","datePublished":"2025-10-21","dateModified":"2025-10-21","mainEntityOfPage":"https:\/\/www.saldera.cz\/moderni-domovy-a-skrine\/","author":{"@type":"Person","@id":"https:\/\/www.saldera.cz\/author\/#Person","name":"","url":"https:\/\/www.saldera.cz\/author\/","identifier":1,"image":{"@type":"ImageObject","@id":"https:\/\/secure.gravatar.com\/avatar\/9d25b0af9840660883a67790aa4f595ddc226aa4680c4cf7bc03a25c14fcef85?s=96&d=mm&r=g","url":"https:\/\/secure.gravatar.com\/avatar\/9d25b0af9840660883a67790aa4f595ddc226aa4680c4cf7bc03a25c14fcef85?s=96&d=mm&r=g","height":96,"width":96}},"publisher":{"@type":"Organization","name":"saldera.cz","logo":{"@type":"ImageObject","@id":"\/logo.png","url":"\/logo.png","width":600,"height":60}},"image":{"@type":"ImageObject","@id":"https:\/\/www.saldera.cz\/wp-content\/uploads\/wardrobe-5961193_640_10_10_10_10_10_3.jpg","url":"https:\/\/www.saldera.cz\/wp-content\/uploads\/wardrobe-5961193_640_10_10_10_10_10_3.jpg","height":0,"width":0},"wordCount":562,"keywords":null}]},{"@context":"https:\/\/schema.org","@type":"WebSite","@id":"https:\/\/www.saldera.cz\/#website","name":"Saldera pro","url":"https:\/\/www.saldera.cz","potentialAction":{"@type":"SearchAction","target":"https:\/\/www.saldera.cz\/?s={search_term_string}","query-input":"required name=search_term_string"}}]