[{"@context":"https:\/\/schema.org\/","@type":"Blog","@id":"https:\/\/www.saldera.cz#Blog","headline":"Saldera pro","description":"","url":"https:\/\/www.saldera.cz","hasPart":[{"@type":"Article","@id":"https:\/\/www.saldera.cz\/pocitac-a-potize\/","headline":"Po\u010d\u00edta\u010d a pot\u00ed\u017ee","url":"https:\/\/www.saldera.cz\/pocitac-a-potize\/","datePublished":"2026-02-11","dateModified":"2026-02-11","mainEntityOfPage":"https:\/\/www.saldera.cz\/pocitac-a-potize\/","author":{"@type":"Person","@id":"https:\/\/www.saldera.cz\/author\/#Person","name":"","url":"https:\/\/www.saldera.cz\/author\/","identifier":1,"image":{"@type":"ImageObject","@id":"https:\/\/secure.gravatar.com\/avatar\/9d25b0af9840660883a67790aa4f595ddc226aa4680c4cf7bc03a25c14fcef85?s=96&d=mm&r=g","url":"https:\/\/secure.gravatar.com\/avatar\/9d25b0af9840660883a67790aa4f595ddc226aa4680c4cf7bc03a25c14fcef85?s=96&d=mm&r=g","height":96,"width":96}},"publisher":{"@type":"Organization","name":"saldera.cz","logo":{"@type":"ImageObject","@id":"\/logo.png","url":"\/logo.png","width":600,"height":60}},"image":{"@type":"ImageObject","@id":"https:\/\/www.saldera.cz\/wp-content\/uploads\/pexels-polina-zimmerman-3747486.jpg","url":"https:\/\/www.saldera.cz\/wp-content\/uploads\/pexels-polina-zimmerman-3747486.jpg","height":0,"width":0},"wordCount":652,"keywords":null},{"@type":"Article","@id":"https:\/\/www.saldera.cz\/objednavka-plazoveho-volejbalu-pres-rezervacni-system\/","headline":"Objedn\u00e1vka pl\u00e1\u017eov\u00e9ho volejbalu p\u0159es rezerva\u010dn\u00ed syst\u00e9m","url":"https:\/\/www.saldera.cz\/objednavka-plazoveho-volejbalu-pres-rezervacni-system\/","datePublished":"2026-02-10","dateModified":"2026-02-10","mainEntityOfPage":"https:\/\/www.saldera.cz\/objednavka-plazoveho-volejbalu-pres-rezervacni-system\/","author":{"@type":"Person","@id":"https:\/\/www.saldera.cz\/author\/#Person","name":"","url":"https:\/\/www.saldera.cz\/author\/","identifier":1,"image":{"@type":"ImageObject","@id":"https:\/\/secure.gravatar.com\/avatar\/9d25b0af9840660883a67790aa4f595ddc226aa4680c4cf7bc03a25c14fcef85?s=96&d=mm&r=g","url":"https:\/\/secure.gravatar.com\/avatar\/9d25b0af9840660883a67790aa4f595ddc226aa4680c4cf7bc03a25c14fcef85?s=96&d=mm&r=g","height":96,"width":96}},"publisher":{"@type":"Organization","name":"saldera.cz","logo":{"@type":"ImageObject","@id":"\/logo.png","url":"\/logo.png","width":600,"height":60}},"image":{"@type":"ImageObject","@id":"https:\/\/www.saldera.cz\/wp-content\/uploads\/sports-6480830_640_1.jpg","url":"https:\/\/www.saldera.cz\/wp-content\/uploads\/sports-6480830_640_1.jpg","height":0,"width":0},"wordCount":671,"keywords":null},{"@type":"Article","@id":"https:\/\/www.saldera.cz\/shanite-bazenove-schudky\/","headline":"Sh\u00e1n\u00edte baz\u00e9nov\u00e9 sch\u016fdky?","url":"https:\/\/www.saldera.cz\/shanite-bazenove-schudky\/","datePublished":"2026-02-09","dateModified":"2026-02-09","mainEntityOfPage":"https:\/\/www.saldera.cz\/shanite-bazenove-schudky\/","author":{"@type":"Person","@id":"https:\/\/www.saldera.cz\/author\/#Person","name":"","url":"https:\/\/www.saldera.cz\/author\/","identifier":1,"image":{"@type":"ImageObject","@id":"https:\/\/secure.gravatar.com\/avatar\/9d25b0af9840660883a67790aa4f595ddc226aa4680c4cf7bc03a25c14fcef85?s=96&d=mm&r=g","url":"https:\/\/secure.gravatar.com\/avatar\/9d25b0af9840660883a67790aa4f595ddc226aa4680c4cf7bc03a25c14fcef85?s=96&d=mm&r=g","height":96,"width":96}},"publisher":{"@type":"Organization","name":"saldera.cz","logo":{"@type":"ImageObject","@id":"\/logo.png","url":"\/logo.png","width":600,"height":60}},"image":{"@type":"ImageObject","@id":"https:\/\/www.saldera.cz\/wp-content\/uploads\/bbbbbbbbbb_10_10_1.jpg","url":"https:\/\/www.saldera.cz\/wp-content\/uploads\/bbbbbbbbbb_10_10_1.jpg","height":0,"width":0},"wordCount":663,"keywords":null},{"@type":"Article","@id":"https:\/\/www.saldera.cz\/cajem-na-odvodneni-proti-zadrzovani-vody\/","headline":"\u010cajem na odvodn\u011bn\u00ed proti zadr\u017eov\u00e1n\u00ed vody","url":"https:\/\/www.saldera.cz\/cajem-na-odvodneni-proti-zadrzovani-vody\/","datePublished":"2026-02-08","dateModified":"2026-02-08","mainEntityOfPage":"https:\/\/www.saldera.cz\/cajem-na-odvodneni-proti-zadrzovani-vody\/","author":{"@type":"Person","@id":"https:\/\/www.saldera.cz\/author\/#Person","name":"","url":"https:\/\/www.saldera.cz\/author\/","identifier":1,"image":{"@type":"ImageObject","@id":"https:\/\/secure.gravatar.com\/avatar\/9d25b0af9840660883a67790aa4f595ddc226aa4680c4cf7bc03a25c14fcef85?s=96&d=mm&r=g","url":"https:\/\/secure.gravatar.com\/avatar\/9d25b0af9840660883a67790aa4f595ddc226aa4680c4cf7bc03a25c14fcef85?s=96&d=mm&r=g","height":96,"width":96}},"publisher":{"@type":"Organization","name":"saldera.cz","logo":{"@type":"ImageObject","@id":"\/logo.png","url":"\/logo.png","width":600,"height":60}},"image":{"@type":"ImageObject","@id":"https:\/\/www.saldera.cz\/wp-content\/uploads\/paul-morley-DrYqMhk53dY-unsplash_3.jpg","url":"https:\/\/www.saldera.cz\/wp-content\/uploads\/paul-morley-DrYqMhk53dY-unsplash_3.jpg","height":0,"width":0},"wordCount":968,"keywords":null},{"@type":"Article","@id":"https:\/\/www.saldera.cz\/prirodni-podpora-pro-vase-telo\/","headline":"P\u0159\u00edrodn\u00ed podpora pro va\u0161e t\u011blo","url":"https:\/\/www.saldera.cz\/prirodni-podpora-pro-vase-telo\/","datePublished":"2026-02-08","dateModified":"2026-02-08","mainEntityOfPage":"https:\/\/www.saldera.cz\/prirodni-podpora-pro-vase-telo\/","author":{"@type":"Person","@id":"https:\/\/www.saldera.cz\/author\/#Person","name":"","url":"https:\/\/www.saldera.cz\/author\/","identifier":1,"image":{"@type":"ImageObject","@id":"https:\/\/secure.gravatar.com\/avatar\/9d25b0af9840660883a67790aa4f595ddc226aa4680c4cf7bc03a25c14fcef85?s=96&d=mm&r=g","url":"https:\/\/secure.gravatar.com\/avatar\/9d25b0af9840660883a67790aa4f595ddc226aa4680c4cf7bc03a25c14fcef85?s=96&d=mm&r=g","height":96,"width":96}},"publisher":{"@type":"Organization","name":"saldera.cz","logo":{"@type":"ImageObject","@id":"\/logo.png","url":"\/logo.png","width":600,"height":60}},"image":{"@type":"ImageObject","@id":"https:\/\/www.saldera.cz\/wp-content\/uploads\/lonelycanopy-tea-4707507_1920.jpg","url":"https:\/\/www.saldera.cz\/wp-content\/uploads\/lonelycanopy-tea-4707507_1920.jpg","height":0,"width":0},"wordCount":707,"keywords":null},{"@type":"Article","@id":"https:\/\/www.saldera.cz\/na-co-bych-si-dal-pozor-pri-vyklizeni-bytovych-a-nebytovych-prostor\/","headline":"Na co bych si dal pozor p\u0159i vykl\u00edzen\u00ed bytov\u00fdch a nebytov\u00fdch prostor","url":"https:\/\/www.saldera.cz\/na-co-bych-si-dal-pozor-pri-vyklizeni-bytovych-a-nebytovych-prostor\/","datePublished":"2026-02-06","dateModified":"2026-02-06","mainEntityOfPage":"https:\/\/www.saldera.cz\/na-co-bych-si-dal-pozor-pri-vyklizeni-bytovych-a-nebytovych-prostor\/","author":{"@type":"Person","@id":"https:\/\/www.saldera.cz\/author\/#Person","name":"","url":"https:\/\/www.saldera.cz\/author\/","identifier":1,"image":{"@type":"ImageObject","@id":"https:\/\/secure.gravatar.com\/avatar\/9d25b0af9840660883a67790aa4f595ddc226aa4680c4cf7bc03a25c14fcef85?s=96&d=mm&r=g","url":"https:\/\/secure.gravatar.com\/avatar\/9d25b0af9840660883a67790aa4f595ddc226aa4680c4cf7bc03a25c14fcef85?s=96&d=mm&r=g","height":96,"width":96}},"publisher":{"@type":"Organization","name":"saldera.cz","logo":{"@type":"ImageObject","@id":"\/logo.png","url":"\/logo.png","width":600,"height":60}},"image":{"@type":"ImageObject","@id":"https:\/\/www.saldera.cz\/wp-content\/uploads\/cafe-5635015_640_2.jpg","url":"https:\/\/www.saldera.cz\/wp-content\/uploads\/cafe-5635015_640_2.jpg","height":0,"width":0},"wordCount":635,"keywords":null},{"@type":"Article","@id":"https:\/\/www.saldera.cz\/na-co-bych-si-daval-pozor-u-prodeje-bytu\/","headline":"Na co bych si d\u00e1val pozor u prodeje bytu","url":"https:\/\/www.saldera.cz\/na-co-bych-si-daval-pozor-u-prodeje-bytu\/","datePublished":"2026-02-05","dateModified":"2026-02-05","mainEntityOfPage":"https:\/\/www.saldera.cz\/na-co-bych-si-daval-pozor-u-prodeje-bytu\/","author":{"@type":"Person","@id":"https:\/\/www.saldera.cz\/author\/#Person","name":"","url":"https:\/\/www.saldera.cz\/author\/","identifier":1,"image":{"@type":"ImageObject","@id":"https:\/\/secure.gravatar.com\/avatar\/9d25b0af9840660883a67790aa4f595ddc226aa4680c4cf7bc03a25c14fcef85?s=96&d=mm&r=g","url":"https:\/\/secure.gravatar.com\/avatar\/9d25b0af9840660883a67790aa4f595ddc226aa4680c4cf7bc03a25c14fcef85?s=96&d=mm&r=g","height":96,"width":96}},"publisher":{"@type":"Organization","name":"saldera.cz","logo":{"@type":"ImageObject","@id":"\/logo.png","url":"\/logo.png","width":600,"height":60}},"image":{"@type":"ImageObject","@id":"https:\/\/www.saldera.cz\/wp-content\/uploads\/prefabricated-house-930190_640_10_10_10_5.jpg","url":"https:\/\/www.saldera.cz\/wp-content\/uploads\/prefabricated-house-930190_640_10_10_10_5.jpg","height":0,"width":0},"wordCount":585,"keywords":null},{"@type":"Article","@id":"https:\/\/www.saldera.cz\/klimatizace-muze-pomahat-i-nemocnym-lidem\/","headline":"Klimatizace m\u016f\u017ee pom\u00e1hat i nemocn\u00fdm lidem","url":"https:\/\/www.saldera.cz\/klimatizace-muze-pomahat-i-nemocnym-lidem\/","datePublished":"2026-02-05","dateModified":"2026-02-05","mainEntityOfPage":"https:\/\/www.saldera.cz\/klimatizace-muze-pomahat-i-nemocnym-lidem\/","author":{"@type":"Person","@id":"https:\/\/www.saldera.cz\/author\/#Person","name":"","url":"https:\/\/www.saldera.cz\/author\/","identifier":1,"image":{"@type":"ImageObject","@id":"https:\/\/secure.gravatar.com\/avatar\/9d25b0af9840660883a67790aa4f595ddc226aa4680c4cf7bc03a25c14fcef85?s=96&d=mm&r=g","url":"https:\/\/secure.gravatar.com\/avatar\/9d25b0af9840660883a67790aa4f595ddc226aa4680c4cf7bc03a25c14fcef85?s=96&d=mm&r=g","height":96,"width":96}},"publisher":{"@type":"Organization","name":"saldera.cz","logo":{"@type":"ImageObject","@id":"\/logo.png","url":"\/logo.png","width":600,"height":60}},"image":{"@type":"ImageObject","@id":"https:\/\/www.saldera.cz\/wp-content\/uploads\/living-room-6940895_640_10_10_8.jpg","url":"https:\/\/www.saldera.cz\/wp-content\/uploads\/living-room-6940895_640_10_10_8.jpg","height":0,"width":0},"wordCount":556,"keywords":null},{"@type":"Article","@id":"https:\/\/www.saldera.cz\/sikovny-architekt\/","headline":"\u0160ikovn\u00fd architekt","url":"https:\/\/www.saldera.cz\/sikovny-architekt\/","datePublished":"2026-02-04","dateModified":"2026-02-04","mainEntityOfPage":"https:\/\/www.saldera.cz\/sikovny-architekt\/","author":{"@type":"Person","@id":"https:\/\/www.saldera.cz\/author\/#Person","name":"","url":"https:\/\/www.saldera.cz\/author\/","identifier":1,"image":{"@type":"ImageObject","@id":"https:\/\/secure.gravatar.com\/avatar\/9d25b0af9840660883a67790aa4f595ddc226aa4680c4cf7bc03a25c14fcef85?s=96&d=mm&r=g","url":"https:\/\/secure.gravatar.com\/avatar\/9d25b0af9840660883a67790aa4f595ddc226aa4680c4cf7bc03a25c14fcef85?s=96&d=mm&r=g","height":96,"width":96}},"publisher":{"@type":"Organization","name":"saldera.cz","logo":{"@type":"ImageObject","@id":"\/logo.png","url":"\/logo.png","width":600,"height":60}},"image":{"@type":"ImageObject","@id":"https:\/\/www.saldera.cz\/wp-content\/uploads\/etadly-building-6848037_640.jpg","url":"https:\/\/www.saldera.cz\/wp-content\/uploads\/etadly-building-6848037_640.jpg","height":0,"width":0},"wordCount":546,"keywords":null},{"@type":"Article","@id":"https:\/\/www.saldera.cz\/stehovani-nemusi-byt-drama\/","headline":"St\u011bhov\u00e1n\u00ed nemus\u00ed b\u00fdt drama","url":"https:\/\/www.saldera.cz\/stehovani-nemusi-byt-drama\/","datePublished":"2026-02-04","dateModified":"2026-02-04","mainEntityOfPage":"https:\/\/www.saldera.cz\/stehovani-nemusi-byt-drama\/","author":{"@type":"Person","@id":"https:\/\/www.saldera.cz\/author\/#Person","name":"","url":"https:\/\/www.saldera.cz\/author\/","identifier":1,"image":{"@type":"ImageObject","@id":"https:\/\/secure.gravatar.com\/avatar\/9d25b0af9840660883a67790aa4f595ddc226aa4680c4cf7bc03a25c14fcef85?s=96&d=mm&r=g","url":"https:\/\/secure.gravatar.com\/avatar\/9d25b0af9840660883a67790aa4f595ddc226aa4680c4cf7bc03a25c14fcef85?s=96&d=mm&r=g","height":96,"width":96}},"publisher":{"@type":"Organization","name":"saldera.cz","logo":{"@type":"ImageObject","@id":"\/logo.png","url":"\/logo.png","width":600,"height":60}},"image":{"@type":"ImageObject","@id":"https:\/\/www.saldera.cz\/wp-content\/uploads\/ssssssssss_10_10_10_10_3.jpg","url":"https:\/\/www.saldera.cz\/wp-content\/uploads\/ssssssssss_10_10_10_10_3.jpg","height":0,"width":0},"wordCount":654,"keywords":null}]},{"@context":"https:\/\/schema.org","@type":"WebSite","@id":"https:\/\/www.saldera.cz\/#website","name":"Saldera pro","url":"https:\/\/www.saldera.cz","potentialAction":{"@type":"SearchAction","target":"https:\/\/www.saldera.cz\/?s={search_term_string}","query-input":"required name=search_term_string"}}]